{"id":5614,"date":"2020-05-15T03:48:32","date_gmt":"2020-05-15T03:48:32","guid":{"rendered":"https:\/\/charitywalking.com\/pt\/?p=5614"},"modified":"2020-05-15T03:51:05","modified_gmt":"2020-05-15T03:51:05","slug":"6-jahre-auf-weltreise","status":"publish","type":"post","link":"https:\/\/charitywalking.com\/pt\/6-jahre-auf-weltreise\/","title":{"rendered":"Reisejubil\u00e4um: 6 Jahre auf Weltreise!"},"content":{"rendered":"<p style=\"text-align: justify;\"><strong>Zu aller erst w\u00fcnschen wir allen Lesern ein frohes neues Jahr!<\/strong> K\u00f6nnt ihr es glauben, dass wir nun wirklich bereits 6 Jahre auf Weltreise sind? Vielleicht ist es ja dem einen oder der anderen von euch auch so ergangen, aber f\u00fcr Heiko und mich, ist das vergangene Jahr wie im Flug an uns vorbeigerauscht. Gerade waren wir noch in Neumarkt und haben uns gefragt, ob wir nun direkt nach Amerika fliegen sollen oder nicht und schon stehen wir hier und haben mal eben ganz Italien durchwandert, ohne die Antwort auf diese Frage auch nur einen Schritt n\u00e4her gekommen zu sein.<\/p>\n<div id=\"attachment_52427\" style=\"width: 810px\" class=\"wp-caption aligncenter\"><a href=\"https:\/\/lebensabenteurer.de\/wp-content\/uploads\/sites\/16\/2018\/10\/Lebensabenteurer-Heiko-G\u00e4rnter-und-Franz-Bujor.jpg\"><img decoding=\"async\" aria-describedby=\"caption-attachment-52427\" class=\"size-full wp-image-52427 lazyload\" title=\"Lebensabenteurer Heiko G\u00e4rnter und Franz Bujor\" data-src=\"https:\/\/lebensabenteurer.de\/wp-content\/uploads\/sites\/16\/2018\/10\/Lebensabenteurer-Heiko-G\u00e4rnter-und-Franz-Bujor.jpg\" alt=\"Lebensabenteurer Heiko G\u00e4rnter und Franz Bujor\" width=\"800\" height=\"533\" src=\"data:image\/svg+xml;base64,PHN2ZyB3aWR0aD0iMSIgaGVpZ2h0PSIxIiB4bWxucz0iaHR0cDovL3d3dy53My5vcmcvMjAwMC9zdmciPjwvc3ZnPg==\" style=\"--smush-placeholder-width: 800px; --smush-placeholder-aspect-ratio: 800\/533;\" \/><\/a><p id=\"caption-attachment-52427\" class=\"wp-caption-text\">In Bezug auf die zuk\u00fcnftige Kontinentwahl noch immer ahnungslos: Lebensabenteurer Heiko G\u00e4rtner und Franz Bujor<\/p><\/div>\n<h3 style=\"text-align: justify;\">Entwicklungen und Wandlungen<\/h3>\n<p style=\"text-align: justify;\">Aber dennoch: Seit unserem Weihnachten im Erzgebirge ist viel passiert und auch wenn wir uns aktuell wieder recht in der N\u00e4he befinden, sind wir doch auf vielen Ebenen ein gro\u00dfes St\u00fcck weiter gekommen. So ha sich unser Team noch einmal um einige Helfer erweitert, was bedeutet, dass unsere Internetseiten in den n\u00e4chsten Wochen noch einmal gro\u00dfe Ver\u00e4nderungen und Entwicklungen durchmachen werden. Ihr k\u00f6nnt also gespannt sein!<\/p>\n<div id=\"attachment_51048\" style=\"width: 970px\" class=\"wp-caption aligncenter\"><a href=\"https:\/\/lebensabenteurer.de\/wp-content\/uploads\/sites\/16\/2019\/08\/Dell-Computer-Testbericht.jpg\"><img decoding=\"async\" aria-describedby=\"caption-attachment-51048\" class=\"size-full wp-image-51048 lazyload\" title=\"Dell Computer Testbericht\" data-src=\"https:\/\/lebensabenteurer.de\/wp-content\/uploads\/sites\/16\/2019\/08\/Dell-Computer-Testbericht.jpg\" alt=\"Dell Computer Testbericht\" width=\"960\" height=\"539\" src=\"data:image\/svg+xml;base64,PHN2ZyB3aWR0aD0iMSIgaGVpZ2h0PSIxIiB4bWxucz0iaHR0cDovL3d3dy53My5vcmcvMjAwMC9zdmciPjwvc3ZnPg==\" style=\"--smush-placeholder-width: 960px; --smush-placeholder-aspect-ratio: 960\/539;\" \/><\/a><p id=\"caption-attachment-51048\" class=\"wp-caption-text\">Mit unseren Internet-Plattformen, wie auch mit allen anderen Projekten, befindet sich nun viel im Wandel.<\/p><\/div>\n<p style=\"text-align: justify;\">Auch Shania, die \u00fcber den Jahreswechsel nat\u00fcrlich traditionsgem\u00e4\u00df wieder bei uns ist, ist ihrem Ziel, ein festes Herdenmitglied zu werden, wieder deutlich n\u00e4her ger\u00fcckt. Zum ersten Mal, seit sie uns in Italien besucht hat, ist ein Licht am Ende des Tunnels zu sehen. Die Schritte, die nun noch zu erledigen sind, lassen sich an einer Hand abz\u00e4hlen und f\u00fcr die meisten gibt es bereits Termine. Auch dies bedeutet, dass ihr euch auf etwas freuen k\u00f6nnt, denn nach ihrem ersten, sehr erfolgreichen Beitrag \u00fcber die Verwendung von Kompressionsmiedern nach plastischen Operationen, wird es in Zukunft nun auch von ihr immer mehr zu lesen geben.<\/p>\n<div id=\"attachment_50603\" style=\"width: 810px\" class=\"wp-caption aligncenter\"><a href=\"https:\/\/lebensabenteurer.de\/wp-content\/uploads\/sites\/16\/2019\/07\/Shania-wilder-Westen.jpg\"><img decoding=\"async\" aria-describedby=\"caption-attachment-50603\" class=\"size-full wp-image-50603 lazyload\" title=\"Shania im neuen Wild-West-Look\" data-src=\"https:\/\/lebensabenteurer.de\/wp-content\/uploads\/sites\/16\/2019\/07\/Shania-wilder-Westen.jpg\" alt=\"Shania wilder Westen\" width=\"800\" height=\"533\" src=\"data:image\/svg+xml;base64,PHN2ZyB3aWR0aD0iMSIgaGVpZ2h0PSIxIiB4bWxucz0iaHR0cDovL3d3dy53My5vcmcvMjAwMC9zdmciPjwvc3ZnPg==\" style=\"--smush-placeholder-width: 800px; --smush-placeholder-aspect-ratio: 800\/533;\" \/><\/a><p id=\"caption-attachment-50603\" class=\"wp-caption-text\">Shania wird nun immer mehr ein aktiver Teil unserer Gruppe<\/p><\/div>\n<h3 style=\"text-align: justify;\">R\u00fcckblick auf 2019<\/h3>\n<p style=\"text-align: justify;\">R\u00fcckblickend war 2019 vor allem das Jahr der Kultur, der Anstrengung und der Umbr\u00fcche, aber auch das Jahr der Entspannung und des Genie\u00dfens. So hart wie im vergangenen Jahr haben wir es vom Wettergott noch nie eingeschenkt bekommen. Angefangen hat alles mit einem guten halben Meter Schnee, durch den wir unsere Pilgerwagen bereits im Januar ziehen mussten. Dann folgte ein Monat voll Sonnenschein und Gem\u00fctlichkeit in \u00d6sterreich, der von zweieinhalb Monaten Dauerregen in Italien. Wie mit einem Lichtschalter wechselten wir daraufhin vom kalt-nass-grauen Tr\u00fcbsal-Wetter in einen der hei\u00dfesten Sommer unseres Lebens. Es folgten knapp 6 Monate, in denen die Temperatur am Tag nur selten unter 30 Grad sank. Und so pl\u00f6tzlich, wie der Sommer gekommen war, war er auch wieder verschwunden. Noch einige Wochen mit grauem Regenwetter, unterbrochen durch gelegentlichen Sonnenschein, brachten uns in die Alpen. Dort wurden wir kurz vor Weihnachten noch einmal richtig eingeschneit.<\/p>\n<div id=\"attachment_52375\" style=\"width: 810px\" class=\"wp-caption aligncenter\"><a href=\"https:\/\/lebensabenteurer.de\/wp-content\/uploads\/sites\/16\/2018\/10\/Extremer-Winter-in-D\u00e4nemark.jpg\"><img decoding=\"async\" aria-describedby=\"caption-attachment-52375\" class=\"size-full wp-image-52375 lazyload\" title=\"Extremer Winter in D\u00e4nemark\" data-src=\"https:\/\/lebensabenteurer.de\/wp-content\/uploads\/sites\/16\/2018\/10\/Extremer-Winter-in-D\u00e4nemark.jpg\" alt=\"Extremer Winter in D\u00e4nemark\" width=\"800\" height=\"533\" src=\"data:image\/svg+xml;base64,PHN2ZyB3aWR0aD0iMSIgaGVpZ2h0PSIxIiB4bWxucz0iaHR0cDovL3d3dy53My5vcmcvMjAwMC9zdmciPjwvc3ZnPg==\" style=\"--smush-placeholder-width: 800px; --smush-placeholder-aspect-ratio: 800\/533;\" \/><\/a><p id=\"caption-attachment-52375\" class=\"wp-caption-text\">Extremer Winter zum Jahresbeginn<\/p><\/div>\n<h3 style=\"text-align: justify;\">Bade- und Themenpunkte<\/h3>\n<p style=\"text-align: justify;\">Und jetzt? \u00dcber Weihnachten und Neujahr herrscht hier das, was man wohl als typisch deutsches Einheitswetter bezeichnen kann. Ein Wunder also, dass wir vor einem Jahr Lust bekamen, nach Italien zu wandern.<\/p>\n<div id=\"attachment_53009\" style=\"width: 810px\" class=\"wp-caption aligncenter\"><a href=\"https:\/\/lebensabenteurer.de\/wp-content\/uploads\/sites\/16\/2019\/10\/Einer-derscho\u0308nsten-Stra\u0308nde-Kalabriens.jpg\"><img decoding=\"async\" aria-describedby=\"caption-attachment-53009\" class=\"size-full wp-image-53009 lazyload\" title=\"Einer derscho\u0308nsten Stra\u0308nde Kalabriens\" data-src=\"https:\/\/lebensabenteurer.de\/wp-content\/uploads\/sites\/16\/2019\/10\/Einer-derscho\u0308nsten-Stra\u0308nde-Kalabriens.jpg\" alt=\"Einer derscho\u0308nsten Stra\u0308nde Kalabriens\" width=\"800\" height=\"533\" src=\"data:image\/svg+xml;base64,PHN2ZyB3aWR0aD0iMSIgaGVpZ2h0PSIxIiB4bWxucz0iaHR0cDovL3d3dy53My5vcmcvMjAwMC9zdmciPjwvc3ZnPg==\" style=\"--smush-placeholder-width: 800px; --smush-placeholder-aspect-ratio: 800\/533;\" \/><\/a><p id=\"caption-attachment-53009\" class=\"wp-caption-text\">Einer derscho\u0308nsten Stra\u0308nde Kalabriens<\/p><\/div>\n<p style=\"text-align: justify;\">Durch unsere Reise entlang der italienischen K\u00fcste, konnten wir ein neues Rekordhoch an Badepunkten erwirtschaften. Nun gelang es uns, diese Str\u00e4hne fortzusetzen und unseren Deutschlandtrip zu einer Thermen-Tour zu machen. Mit Meran, unserem Wellnesshotel am Reschenpass, Bad W\u00f6rishofen und Bad Waldsee durften wir in nur einem Monat gleich vier Thermen bzw. Saunen besuchen. In 6 Jahren Weltreise haben wir in dieser Hinsicht noch nie so gut abgeschnitten. Mal sehen, ob wir diese Quote im neuen Jahr aufrechterhalten k\u00f6nnen.<\/p>\n<div id=\"attachment_54873\" style=\"width: 810px\" class=\"wp-caption aligncenter\"><a href=\"https:\/\/lebensabenteurer.de\/wp-content\/uploads\/sites\/16\/2020\/01\/Die-Paracelsustherme-in-Bad-Liebenzell.jpg\"><img decoding=\"async\" aria-describedby=\"caption-attachment-54873\" class=\"size-full wp-image-54873 lazyload\" title=\"Die Paracelsustherme in Bad Liebenzell\" data-src=\"https:\/\/lebensabenteurer.de\/wp-content\/uploads\/sites\/16\/2020\/01\/Die-Paracelsustherme-in-Bad-Liebenzell.jpg\" alt=\"Die Paracelsustherme in Bad Liebenzell\" width=\"800\" height=\"533\" src=\"data:image\/svg+xml;base64,PHN2ZyB3aWR0aD0iMSIgaGVpZ2h0PSIxIiB4bWxucz0iaHR0cDovL3d3dy53My5vcmcvMjAwMC9zdmciPjwvc3ZnPg==\" style=\"--smush-placeholder-width: 800px; --smush-placeholder-aspect-ratio: 800\/533;\" \/><\/a><p id=\"caption-attachment-54873\" class=\"wp-caption-text\">Die Paracelsustherme in Bad Liebenzell: Einer unserer vielen Thermenbesuche (Foto: www.paracelsus-therme.de)<\/p><\/div>\n<h3 style=\"text-align: justify;\">Silvester und Weltreisejubil\u00e4um<\/h3>\n<p style=\"text-align: justify;\">Unsern Jahreswechsel und somit auch unseren sechsten Weltreisegeburtstag feierten wir dieses Mal bei einem Pfarrer zu Hause. Er war nicht unbedingt der gespr\u00e4chigste oder das, was an gemeinhin als Partykanone bezeichnen w\u00fcrde. Dennoch wurde es ein ganz netter Abend mit gutem Essen. Wie gesagt, es war nichts besonderes, aber es war ja auch kein rundes Jubil\u00e4um, nachdem wir nun 6 Jahre auf Weltreise sind.<\/p>\n<div id=\"attachment_49322\" style=\"width: 810px\" class=\"wp-caption aligncenter\"><a href=\"https:\/\/lebensabenteurer.de\/wp-content\/uploads\/sites\/16\/2017\/01\/feuerwerk.jpg\"><img decoding=\"async\" aria-describedby=\"caption-attachment-49322\" class=\"size-full wp-image-49322 lazyload\" title=\"feuerwerk\" data-src=\"https:\/\/lebensabenteurer.de\/wp-content\/uploads\/sites\/16\/2017\/01\/feuerwerk.jpg\" alt=\"feuerwerk\" width=\"800\" height=\"533\" src=\"data:image\/svg+xml;base64,PHN2ZyB3aWR0aD0iMSIgaGVpZ2h0PSIxIiB4bWxucz0iaHR0cDovL3d3dy53My5vcmcvMjAwMC9zdmciPjwvc3ZnPg==\" style=\"--smush-placeholder-width: 800px; --smush-placeholder-aspect-ratio: 800\/533;\" \/><\/a><p id=\"caption-attachment-49322\" class=\"wp-caption-text\">Das Feuerwerk haben wir uns dieses Jahr lieber durch eine sch\u00fctzende Fensterscheibe betrachtet.<\/p><\/div>\n<h3 style=\"text-align: justify;\">Zukunftsaussichten nach 6 Jahren Weltreise<\/h3>\n<p style=\"text-align: justify;\">2020 wird nun unser 7 Weltreisejahr und wohl das erste, in dem wir unseren Kontinent verlassen. Es ist aber definitiv auch das Jahr, das wir am wenigsten bisher vorausplanen konnten. Nur eines ist sicher: Die Reise geht weiter! Und es bleibt spannend!<\/p>\n<div id=\"attachment_53839\" style=\"width: 810px\" class=\"wp-caption aligncenter\"><a href=\"https:\/\/lebensabenteurer.de\/wp-content\/uploads\/sites\/16\/2019\/11\/Greenwas-auf-Korsika.jpg\"><img decoding=\"async\" aria-describedby=\"caption-attachment-53839\" class=\"size-full wp-image-53839 lazyload\" title=\"Greenwas auf Korsika\" data-src=\"https:\/\/lebensabenteurer.de\/wp-content\/uploads\/sites\/16\/2019\/11\/Greenwas-auf-Korsika.jpg\" alt=\"Greenwas auf Korsika\" width=\"800\" height=\"533\" src=\"data:image\/svg+xml;base64,PHN2ZyB3aWR0aD0iMSIgaGVpZ2h0PSIxIiB4bWxucz0iaHR0cDovL3d3dy53My5vcmcvMjAwMC9zdmciPjwvc3ZnPg==\" style=\"--smush-placeholder-width: 800px; --smush-placeholder-aspect-ratio: 800\/533;\" \/><\/a><p id=\"caption-attachment-53839\" class=\"wp-caption-text\">Wohin wird uns unser Weg nach 6 Jahren auf Weltreise nun f\u00fchren?<\/p><\/div>\n<p>&nbsp;<\/p>\n<p><span style=\"font-family: comic sans ms, sans-serif;\"><strong>Spruch des Tages: Zeit ist relativ!<\/strong><\/span><\/p>\n","protected":false},"excerpt":{"rendered":"<p>Zu aller erst w\u00fcnschen wir allen Lesern ein frohes neues Jahr! K\u00f6nnt ihr es glauben, dass wir nun wirklich bereits 6 Jahre auf <a  href=\"https:\/\/charitywalking.com\/pt\/filmgalerie-heiko-gaertner\/weltreise\/\">Weltreise<\/a> sind? Vielleicht ist es ja dem einen oder der anderen von euch auch so ergangen, aber f\u00fcr Heiko und mich, ist das vergangene Jahr wie im Flug an uns vorbeigerauscht. Gerade [&hellip;]<\/p>\n","protected":false},"author":1,"featured_media":5617,"comment_status":"open","ping_status":"closed","sticky":false,"template":"","format":"standard","meta":{"_acf_changed":false,"wds_primary_category":0,"footnotes":""},"categories":[10,65],"tags":[],"class_list":["post-5614","post","type-post","status-publish","format-standard","has-post-thumbnail","hentry","category-albanien","category-best"],"acf":[],"_links":{"self":[{"href":"https:\/\/charitywalking.com\/pt\/wp-json\/wp\/v2\/posts\/5614","targetHints":{"allow":["GET"]}}],"collection":[{"href":"https:\/\/charitywalking.com\/pt\/wp-json\/wp\/v2\/posts"}],"about":[{"href":"https:\/\/charitywalking.com\/pt\/wp-json\/wp\/v2\/types\/post"}],"author":[{"embeddable":true,"href":"https:\/\/charitywalking.com\/pt\/wp-json\/wp\/v2\/users\/1"}],"replies":[{"embeddable":true,"href":"https:\/\/charitywalking.com\/pt\/wp-json\/wp\/v2\/comments?post=5614"}],"version-history":[{"count":0,"href":"https:\/\/charitywalking.com\/pt\/wp-json\/wp\/v2\/posts\/5614\/revisions"}],"wp:featuredmedia":[{"embeddable":true,"href":"https:\/\/charitywalking.com\/pt\/wp-json\/wp\/v2\/media\/5617"}],"wp:attachment":[{"href":"https:\/\/charitywalking.com\/pt\/wp-json\/wp\/v2\/media?parent=5614"}],"wp:term":[{"taxonomy":"category","embeddable":true,"href":"https:\/\/charitywalking.com\/pt\/wp-json\/wp\/v2\/categories?post=5614"},{"taxonomy":"post_tag","embeddable":true,"href":"https:\/\/charitywalking.com\/pt\/wp-json\/wp\/v2\/tags?post=5614"}],"curies":[{"name":"wp","href":"https:\/\/api.w.org\/{rel}","templated":true}]}}